{"id":68,"date":"2011-05-15T13:08:37","date_gmt":"2011-05-15T17:08:37","guid":{"rendered":"http:\/\/chugchilan.gob.ec\/cotopaxi\/?p=68"},"modified":"2011-05-15T13:08:37","modified_gmt":"2011-05-15T17:08:37","slug":"situacion-geografica","status":"publish","type":"post","link":"https:\/\/chugchilan.gob.ec\/cotopaxi\/situacion-geografica\/","title":{"rendered":"Situaci\u00f3n Geogr\u00e1fica"},"content":{"rendered":"<div style=\"overflow: auto; height: 685px;\">\n<p style=\"text-align: center;\"><span style=\"text-decoration: underline;\"><strong>SITUACI\u00d3N GEOGR\u00c1FICA DE LA PARROQUIA \u00abCHUGCHIL\u00c1N\u00bb<\/strong><\/span><\/p>\n<p style=\"text-align: justify;\">Sigchos se cantoniz\u00f3 el 4 de agosto de 1992. Est\u00e1 situado al otro lado de la Cordillera Occidental y al Noroeste de Latacunga. Su ubicaci\u00f3n en el extremo nor-occidental de la provincia de Cotopaxi, colinda con los cantones Latacunga, Pujil\u00ed y la Man\u00e1, de la misma provincia y con los cantones Santo Domingo de los Colorados y Mej\u00eda de la Provincia de Pichincha.<br \/>El cant\u00f3n se inscribe en su conjunto, en la parte alta y media de la hoya del R\u00edo Toachi formada entre los sistemas monta\u00f1osos de la Cordillera Occidental de los Andes y la Cordillera de Chugchil\u00e1n, cubriendo 3 zonas de vida: la del p\u00e1ramo, valle y subtr\u00f3pico. Sus principales asentamientos poblacionales o centros parroquiales son Chugchil\u00e1n, Isinliv\u00ed, Las Pampas y Palo Quemado.<\/p>\n<p style=\"text-align: justify;\"><strong>L\u00cdMITES<\/strong><br \/>Al Norte, parte de los territorios de la parroquia Toacaso y del cant\u00f3n Mej\u00eda, terminando en el r\u00edo de las juntas, l\u00edmites provinciales entre Cotopaxi y Pichincha en las parroquias de Palo Quemado y las Pampas (Cotopaxi) y Alluriqu\u00edn y Manuel Cornejo Astorga (Pichincha).<br \/>Al Sur, empieza en el r\u00edo Chisal\u00f3, pasa por el p\u00e1ramo de Huingopana, desciende por la quebrada de Panateo hasta el Toachi, sigue m\u00e1s al sur hacia su origen y toma la quebrada de Guasumbin\u00ed Grande, asciende hacia el Occidente al p\u00e1ramo de Canigal\u00f3 hasta la cuchilla de Amanta por cuyas cimas desciende hasta el R\u00edo Chual\u00f3; sigue su curso hasta confundirse con el Quindigua y va a tocar en Tonglo, delimitando las parroquias de Isinliv\u00ed y Chugchil\u00e1n. El r\u00edo Pilal\u00f3 y la laguna Quilotoa que forman una l\u00ednea que concluye en la uni\u00f3n de los r\u00edos Pilal\u00f3 y Lomap\u00ed.<br \/>Al Este, desde su confluencia con el R\u00edo Toachi hasta sus nacientes; la cumbre del Iliniza Norte hasta las nacientes del R\u00edo Quilotoa y desde este punto, una l\u00ednea recta hasta la cumbre de la cadena monta\u00f1osa de los cerros Sillaurco, Guingopana y Loma Providencia.<br \/>Al Oeste, el r\u00edo San Pablo, el r\u00edo Cochapamba, el r\u00edo San Mart\u00edn, el r\u00edo Yacuchaqui y el r\u00edo Lomap\u00ed hasta su confluencia con el r\u00edo Pilal\u00f3.<\/p>\n<p style=\"text-align: center;\"><iframe loading=\"lazy\" width=\"425\" height=\"350\" frameborder=\"0\" scrolling=\"no\" marginheight=\"0\" marginwidth=\"0\" src=\"http:\/\/maps.google.com\/maps?f=d&amp;source=embed&amp;saddr=-0.800+-78.917+(Chugchilan)&amp;daddr=&amp;hl=en&amp;geocode=Cd9BGZpA-BOtFQDL8_8deNJL-w&amp;sll=-0.801976,-78.914795&amp;sspn=0.350154,0.441513&amp;vpsrc=0&amp;mra=mift&amp;ie=UTF8&amp;t=m&amp;ll=-0.801976,-78.914795&amp;spn=0.350154,0.441513&amp;output=embed\"><\/iframe><br \/><small><a href=\"http:\/\/maps.google.com\/maps?f=d&amp;source=embed&amp;saddr=-0.800+-78.917+(Chugchilan)&amp;daddr=&amp;hl=en&amp;geocode=Cd9BGZpA-BOtFQDL8_8deNJL-w&amp;sll=-0.801976,-78.914795&amp;sspn=0.350154,0.441513&amp;vpsrc=0&amp;mra=mift&amp;ie=UTF8&amp;t=m&amp;ll=-0.801976,-78.914795&amp;spn=0.350154,0.441513\" style=\"color:#0000FF;text-align:left\">View Larger Map<\/a><\/small><\/p>\n<\/p><\/div>\n","protected":false},"excerpt":{"rendered":"<p>SITUACI\u00d3N GEOGR\u00c1FICA DE LA PARROQUIA \u00abCHUGCHIL\u00c1N\u00bb Sigchos se cantoniz\u00f3 el 4 de agosto de 1992. Est\u00e1 situado al otro lado de la Cordillera Occidental y al Noroeste de Latacunga. Su ubicaci\u00f3n en el extremo nor-occidental de la provincia de Cotopaxi, colinda con los cantones Latacunga, Pujil\u00ed y la Man\u00e1, de la misma provincia y con [&hellip;]<\/p>\n","protected":false},"author":2,"featured_media":0,"comment_status":"closed","ping_status":"closed","sticky":false,"template":"","format":"standard","meta":{"footnotes":""},"categories":[1],"tags":[],"class_list":["post-68","post","type-post","status-publish","format-standard","hentry","category-sin-categoria"],"yoast_head":"<!-- This site is optimized with the Yoast SEO plugin v24.2 - https:\/\/yoast.com\/wordpress\/plugins\/seo\/ -->\n<title>Situaci\u00f3n Geogr\u00e1fica - GAD parroquial Chugchil\u00e1n<\/title>\n<meta name=\"robots\" content=\"index, follow, max-snippet:-1, max-image-preview:large, max-video-preview:-1\" \/>\n<link rel=\"canonical\" href=\"https:\/\/chugchilan.gob.ec\/cotopaxi\/situacion-geografica\/\" \/>\n<meta property=\"og:locale\" content=\"es_ES\" \/>\n<meta property=\"og:type\" content=\"article\" \/>\n<meta property=\"og:title\" content=\"Situaci\u00f3n Geogr\u00e1fica - GAD parroquial Chugchil\u00e1n\" \/>\n<meta property=\"og:description\" content=\"SITUACI\u00d3N GEOGR\u00c1FICA DE LA PARROQUIA \u00abCHUGCHIL\u00c1N\u00bb Sigchos se cantoniz\u00f3 el 4 de agosto de 1992. Est\u00e1 situado al otro lado de la Cordillera Occidental y al Noroeste de Latacunga. Su ubicaci\u00f3n en el extremo nor-occidental de la provincia de Cotopaxi, colinda con los cantones Latacunga, Pujil\u00ed y la Man\u00e1, de la misma provincia y con [&hellip;]\" \/>\n<meta property=\"og:url\" content=\"https:\/\/chugchilan.gob.ec\/cotopaxi\/situacion-geografica\/\" \/>\n<meta property=\"og:site_name\" content=\"GAD parroquial Chugchil\u00e1n\" \/>\n<meta property=\"article:published_time\" content=\"2011-05-15T17:08:37+00:00\" \/>\n<meta name=\"author\" content=\"achugchilan\" \/>\n<meta name=\"twitter:card\" content=\"summary_large_image\" \/>\n<meta name=\"twitter:label1\" content=\"Escrito por\" \/>\n\t<meta name=\"twitter:data1\" content=\"achugchilan\" \/>\n\t<meta name=\"twitter:label2\" content=\"Tiempo de lectura\" \/>\n\t<meta name=\"twitter:data2\" content=\"2 minutos\" \/>\n<script type=\"application\/ld+json\" class=\"yoast-schema-graph\">{\"@context\":\"https:\/\/schema.org\",\"@graph\":[{\"@type\":\"Article\",\"@id\":\"https:\/\/chugchilan.gob.ec\/cotopaxi\/situacion-geografica\/#article\",\"isPartOf\":{\"@id\":\"https:\/\/chugchilan.gob.ec\/cotopaxi\/situacion-geografica\/\"},\"author\":{\"name\":\"achugchilan\",\"@id\":\"https:\/\/chugchilan.gob.ec\/cotopaxi\/#\/schema\/person\/64857519c48e48bf7af2ca5e4d71cf5f\"},\"headline\":\"Situaci\u00f3n Geogr\u00e1fica\",\"datePublished\":\"2011-05-15T17:08:37+00:00\",\"dateModified\":\"2011-05-15T17:08:37+00:00\",\"mainEntityOfPage\":{\"@id\":\"https:\/\/chugchilan.gob.ec\/cotopaxi\/situacion-geografica\/\"},\"wordCount\":391,\"publisher\":{\"@id\":\"https:\/\/chugchilan.gob.ec\/cotopaxi\/#organization\"},\"inLanguage\":\"es\"},{\"@type\":\"WebPage\",\"@id\":\"https:\/\/chugchilan.gob.ec\/cotopaxi\/situacion-geografica\/\",\"url\":\"https:\/\/chugchilan.gob.ec\/cotopaxi\/situacion-geografica\/\",\"name\":\"Situaci\u00f3n Geogr\u00e1fica - GAD parroquial Chugchil\u00e1n\",\"isPartOf\":{\"@id\":\"https:\/\/chugchilan.gob.ec\/cotopaxi\/#website\"},\"datePublished\":\"2011-05-15T17:08:37+00:00\",\"dateModified\":\"2011-05-15T17:08:37+00:00\",\"breadcrumb\":{\"@id\":\"https:\/\/chugchilan.gob.ec\/cotopaxi\/situacion-geografica\/#breadcrumb\"},\"inLanguage\":\"es\",\"potentialAction\":[{\"@type\":\"ReadAction\",\"target\":[\"https:\/\/chugchilan.gob.ec\/cotopaxi\/situacion-geografica\/\"]}]},{\"@type\":\"BreadcrumbList\",\"@id\":\"https:\/\/chugchilan.gob.ec\/cotopaxi\/situacion-geografica\/#breadcrumb\",\"itemListElement\":[{\"@type\":\"ListItem\",\"position\":1,\"name\":\"Home\",\"item\":\"https:\/\/chugchilan.gob.ec\/cotopaxi\/\"},{\"@type\":\"ListItem\",\"position\":2,\"name\":\"Situaci\u00f3n Geogr\u00e1fica\"}]},{\"@type\":\"WebSite\",\"@id\":\"https:\/\/chugchilan.gob.ec\/cotopaxi\/#website\",\"url\":\"https:\/\/chugchilan.gob.ec\/cotopaxi\/\",\"name\":\"GAD Parroquial de Chugchil\u00e1n\",\"description\":\"Sitio Oficial del GAD Parroquial de Chugchil\u00e1n Cotopaxi\",\"publisher\":{\"@id\":\"https:\/\/chugchilan.gob.ec\/cotopaxi\/#organization\"},\"potentialAction\":[{\"@type\":\"SearchAction\",\"target\":{\"@type\":\"EntryPoint\",\"urlTemplate\":\"https:\/\/chugchilan.gob.ec\/cotopaxi\/?s={search_term_string}\"},\"query-input\":{\"@type\":\"PropertyValueSpecification\",\"valueRequired\":true,\"valueName\":\"search_term_string\"}}],\"inLanguage\":\"es\"},{\"@type\":\"Organization\",\"@id\":\"https:\/\/chugchilan.gob.ec\/cotopaxi\/#organization\",\"name\":\"GAD Parroquial de Chugchil\u00e1n\",\"url\":\"https:\/\/chugchilan.gob.ec\/cotopaxi\/\",\"logo\":{\"@type\":\"ImageObject\",\"inLanguage\":\"es\",\"@id\":\"https:\/\/chugchilan.gob.ec\/cotopaxi\/#\/schema\/logo\/image\/\",\"url\":\"https:\/\/chugchilan.gob.ec\/cotopaxi\/wp-content\/uploads\/2020\/06\/logoFooter.png\",\"contentUrl\":\"https:\/\/chugchilan.gob.ec\/cotopaxi\/wp-content\/uploads\/2020\/06\/logoFooter.png\",\"width\":160,\"height\":156,\"caption\":\"GAD Parroquial de Chugchil\u00e1n\"},\"image\":{\"@id\":\"https:\/\/chugchilan.gob.ec\/cotopaxi\/#\/schema\/logo\/image\/\"}},{\"@type\":\"Person\",\"@id\":\"https:\/\/chugchilan.gob.ec\/cotopaxi\/#\/schema\/person\/64857519c48e48bf7af2ca5e4d71cf5f\",\"name\":\"achugchilan\",\"image\":{\"@type\":\"ImageObject\",\"inLanguage\":\"es\",\"@id\":\"https:\/\/chugchilan.gob.ec\/cotopaxi\/#\/schema\/person\/image\/\",\"url\":\"https:\/\/secure.gravatar.com\/avatar\/4849cead80a540a505e4f16b1e4cbabb?s=96&d=mm&r=g\",\"contentUrl\":\"https:\/\/secure.gravatar.com\/avatar\/4849cead80a540a505e4f16b1e4cbabb?s=96&d=mm&r=g\",\"caption\":\"achugchilan\"},\"url\":\"https:\/\/chugchilan.gob.ec\/cotopaxi\/author\/achugchilan\/\"}]}<\/script>\n<!-- \/ Yoast SEO plugin. -->","yoast_head_json":{"title":"Situaci\u00f3n Geogr\u00e1fica - GAD parroquial Chugchil\u00e1n","robots":{"index":"index","follow":"follow","max-snippet":"max-snippet:-1","max-image-preview":"max-image-preview:large","max-video-preview":"max-video-preview:-1"},"canonical":"https:\/\/chugchilan.gob.ec\/cotopaxi\/situacion-geografica\/","og_locale":"es_ES","og_type":"article","og_title":"Situaci\u00f3n Geogr\u00e1fica - GAD parroquial Chugchil\u00e1n","og_description":"SITUACI\u00d3N GEOGR\u00c1FICA DE LA PARROQUIA \u00abCHUGCHIL\u00c1N\u00bb Sigchos se cantoniz\u00f3 el 4 de agosto de 1992. Est\u00e1 situado al otro lado de la Cordillera Occidental y al Noroeste de Latacunga. Su ubicaci\u00f3n en el extremo nor-occidental de la provincia de Cotopaxi, colinda con los cantones Latacunga, Pujil\u00ed y la Man\u00e1, de la misma provincia y con [&hellip;]","og_url":"https:\/\/chugchilan.gob.ec\/cotopaxi\/situacion-geografica\/","og_site_name":"GAD parroquial Chugchil\u00e1n","article_published_time":"2011-05-15T17:08:37+00:00","author":"achugchilan","twitter_card":"summary_large_image","twitter_misc":{"Escrito por":"achugchilan","Tiempo de lectura":"2 minutos"},"schema":{"@context":"https:\/\/schema.org","@graph":[{"@type":"Article","@id":"https:\/\/chugchilan.gob.ec\/cotopaxi\/situacion-geografica\/#article","isPartOf":{"@id":"https:\/\/chugchilan.gob.ec\/cotopaxi\/situacion-geografica\/"},"author":{"name":"achugchilan","@id":"https:\/\/chugchilan.gob.ec\/cotopaxi\/#\/schema\/person\/64857519c48e48bf7af2ca5e4d71cf5f"},"headline":"Situaci\u00f3n Geogr\u00e1fica","datePublished":"2011-05-15T17:08:37+00:00","dateModified":"2011-05-15T17:08:37+00:00","mainEntityOfPage":{"@id":"https:\/\/chugchilan.gob.ec\/cotopaxi\/situacion-geografica\/"},"wordCount":391,"publisher":{"@id":"https:\/\/chugchilan.gob.ec\/cotopaxi\/#organization"},"inLanguage":"es"},{"@type":"WebPage","@id":"https:\/\/chugchilan.gob.ec\/cotopaxi\/situacion-geografica\/","url":"https:\/\/chugchilan.gob.ec\/cotopaxi\/situacion-geografica\/","name":"Situaci\u00f3n Geogr\u00e1fica - GAD parroquial Chugchil\u00e1n","isPartOf":{"@id":"https:\/\/chugchilan.gob.ec\/cotopaxi\/#website"},"datePublished":"2011-05-15T17:08:37+00:00","dateModified":"2011-05-15T17:08:37+00:00","breadcrumb":{"@id":"https:\/\/chugchilan.gob.ec\/cotopaxi\/situacion-geografica\/#breadcrumb"},"inLanguage":"es","potentialAction":[{"@type":"ReadAction","target":["https:\/\/chugchilan.gob.ec\/cotopaxi\/situacion-geografica\/"]}]},{"@type":"BreadcrumbList","@id":"https:\/\/chugchilan.gob.ec\/cotopaxi\/situacion-geografica\/#breadcrumb","itemListElement":[{"@type":"ListItem","position":1,"name":"Home","item":"https:\/\/chugchilan.gob.ec\/cotopaxi\/"},{"@type":"ListItem","position":2,"name":"Situaci\u00f3n Geogr\u00e1fica"}]},{"@type":"WebSite","@id":"https:\/\/chugchilan.gob.ec\/cotopaxi\/#website","url":"https:\/\/chugchilan.gob.ec\/cotopaxi\/","name":"GAD Parroquial de Chugchil\u00e1n","description":"Sitio Oficial del GAD Parroquial de Chugchil\u00e1n Cotopaxi","publisher":{"@id":"https:\/\/chugchilan.gob.ec\/cotopaxi\/#organization"},"potentialAction":[{"@type":"SearchAction","target":{"@type":"EntryPoint","urlTemplate":"https:\/\/chugchilan.gob.ec\/cotopaxi\/?s={search_term_string}"},"query-input":{"@type":"PropertyValueSpecification","valueRequired":true,"valueName":"search_term_string"}}],"inLanguage":"es"},{"@type":"Organization","@id":"https:\/\/chugchilan.gob.ec\/cotopaxi\/#organization","name":"GAD Parroquial de Chugchil\u00e1n","url":"https:\/\/chugchilan.gob.ec\/cotopaxi\/","logo":{"@type":"ImageObject","inLanguage":"es","@id":"https:\/\/chugchilan.gob.ec\/cotopaxi\/#\/schema\/logo\/image\/","url":"https:\/\/chugchilan.gob.ec\/cotopaxi\/wp-content\/uploads\/2020\/06\/logoFooter.png","contentUrl":"https:\/\/chugchilan.gob.ec\/cotopaxi\/wp-content\/uploads\/2020\/06\/logoFooter.png","width":160,"height":156,"caption":"GAD Parroquial de Chugchil\u00e1n"},"image":{"@id":"https:\/\/chugchilan.gob.ec\/cotopaxi\/#\/schema\/logo\/image\/"}},{"@type":"Person","@id":"https:\/\/chugchilan.gob.ec\/cotopaxi\/#\/schema\/person\/64857519c48e48bf7af2ca5e4d71cf5f","name":"achugchilan","image":{"@type":"ImageObject","inLanguage":"es","@id":"https:\/\/chugchilan.gob.ec\/cotopaxi\/#\/schema\/person\/image\/","url":"https:\/\/secure.gravatar.com\/avatar\/4849cead80a540a505e4f16b1e4cbabb?s=96&d=mm&r=g","contentUrl":"https:\/\/secure.gravatar.com\/avatar\/4849cead80a540a505e4f16b1e4cbabb?s=96&d=mm&r=g","caption":"achugchilan"},"url":"https:\/\/chugchilan.gob.ec\/cotopaxi\/author\/achugchilan\/"}]}},"_links":{"self":[{"href":"https:\/\/chugchilan.gob.ec\/cotopaxi\/wp-json\/wp\/v2\/posts\/68","targetHints":{"allow":["GET"]}}],"collection":[{"href":"https:\/\/chugchilan.gob.ec\/cotopaxi\/wp-json\/wp\/v2\/posts"}],"about":[{"href":"https:\/\/chugchilan.gob.ec\/cotopaxi\/wp-json\/wp\/v2\/types\/post"}],"author":[{"embeddable":true,"href":"https:\/\/chugchilan.gob.ec\/cotopaxi\/wp-json\/wp\/v2\/users\/2"}],"replies":[{"embeddable":true,"href":"https:\/\/chugchilan.gob.ec\/cotopaxi\/wp-json\/wp\/v2\/comments?post=68"}],"version-history":[{"count":0,"href":"https:\/\/chugchilan.gob.ec\/cotopaxi\/wp-json\/wp\/v2\/posts\/68\/revisions"}],"wp:attachment":[{"href":"https:\/\/chugchilan.gob.ec\/cotopaxi\/wp-json\/wp\/v2\/media?parent=68"}],"wp:term":[{"taxonomy":"category","embeddable":true,"href":"https:\/\/chugchilan.gob.ec\/cotopaxi\/wp-json\/wp\/v2\/categories?post=68"},{"taxonomy":"post_tag","embeddable":true,"href":"https:\/\/chugchilan.gob.ec\/cotopaxi\/wp-json\/wp\/v2\/tags?post=68"}],"curies":[{"name":"wp","href":"https:\/\/api.w.org\/{rel}","templated":true}]}}